{"id":6030,"date":"2022-11-30T20:19:17","date_gmt":"2022-11-30T23:19:17","guid":{"rendered":"https:\/\/osunsa.org.ar\/web\/?p=6030"},"modified":"2022-11-30T20:19:17","modified_gmt":"2022-11-30T23:19:17","slug":"acto-asuncion-nuevas-autoridades","status":"publish","type":"post","link":"https:\/\/osunsa.org.ar\/website\/acto-asuncion-nuevas-autoridades\/","title":{"rendered":"Acto Asunci\u00f3n nuevas Autoridades"},"content":{"rendered":"<p>&#x1f5d3;&#xfe0f; En el d\u00eda de la fecha, se realiz\u00f3 a las 11 hs el Acto de Asunci\u00f3n de las Nuevas Autoridades de la Obra Social de la Universidad Nacional de Salta, en el Anf \u201cH\u201d.<\/p>\n<p>&#x2705; Se cont\u00f3 con la presencia del Vicerrector, CPN. Nicol\u00e1s Innamorato, con los miembros de la Junta Electoral, Prof. Dar\u00edo Barrios (Presidente), Lic. Enzo Goncalvez de Oliveira (Secretario General), Lic. Mart\u00edn Daroca (Vocal), Lic. Silvia Forsyth (Vocal) la Prof. Adriana Jaremko (Suplente) y el Dr. Pablo Mui\u00f1os (Suplente)<\/p>\n<p>&#x2705; Tambi\u00e9n estuvieron presentes Decanos y Vicedecanas de la Facultades: Decano Lic. Carlos Portal y Vicedecana Prof. Nancy Cardozo, de la Facultad de Ciencias de la Salud; Vicedecana Esp. Elvira Astorga, de la Facultad de Ciencias Econ\u00f3micas; Decano Mg. Gustavo Gil, de la Facultad de Ciencias Exactas, Vicedecana Dra. Delicia Acosta, de la Facultad de Ingenier\u00eda; y Vicedecana Ing. Cristina Sanz de la Facultad de Ciencias Naturales.<\/p>\n<p>Asistieron tambi\u00e9n Secretarios y Secretarias de las distintas Facultades, Docentes, PAU, Personal de OSUNSa y p\u00fablico en general.<\/p>\n<p>&#x1f4cc; LAS NUEVAS AUTORIDADES DE OSUNSa SON:<\/p>\n<p><span style=\"color: #008000;\"><strong>REPRESENTANTES DEL PERSONAL DOCENTE<\/strong><\/span><\/p>\n<p><span style=\"color: #008000;\"><strong>Titulares<\/strong><\/span><\/p>\n<ul>\n<li>Party, Mar\u00eda Graciela<\/li>\n<li>Iriarte S\u00e1nchez, Hugo Dar\u00edo<\/li>\n<\/ul>\n<p><span style=\"color: #008000;\"><strong>Suplentes<\/strong><\/span><\/p>\n<ul>\n<li>Quispe, Federico Fabi\u00e1n<\/li>\n<li>Mill\u00e1n, M\u00f3nica Patricia<\/li>\n<\/ul>\n<p><span style=\"color: #008000;\"><strong>Comisi\u00f3n de Control y Gesti\u00f3n<\/strong><\/span><\/p>\n<p><span style=\"color: #008000;\"><strong>Titular<\/strong><\/span><\/p>\n<p>Reston, Carlos Esteban<\/p>\n<p><span style=\"color: #008000;\"><strong>Suplente<\/strong><\/span><\/p>\n<p>Barroso, Juan Larr\u00e9<\/p>\n<p>\u25cf<span style=\"color: #008000;\"><strong>REPRESENTANTES DEL PERSONAL NO DOCENTE (Personal de Apoyo Universitario)<\/strong><\/span><\/p>\n<p><span style=\"color: #008000;\"><strong>TITULARES<\/strong><\/span><\/p>\n<ul>\n<li>Lobo, Vicente Alejandro<\/li>\n<li>Gonz\u00e1lez, Javier Omar<\/li>\n<\/ul>\n<p><span style=\"color: #008000;\"><strong>Suplentes<\/strong><\/span><\/p>\n<ul>\n<li>Nadal, Jorgelina Alejandra<\/li>\n<li>Leiva, Gladys Graciela<\/li>\n<\/ul>\n<p><span style=\"color: #008000;\"><strong>Comisi\u00f3n de Control y Gesti\u00f3n<\/strong><\/span><\/p>\n<p><span style=\"color: #008000;\"><strong>Titular<\/strong><\/span><\/p>\n<ul>\n<li>Carrizo, Micaela del Valle<\/li>\n<\/ul>\n<p><span style=\"color: #008000;\"><strong>Suplente<\/strong><\/span><\/p>\n<p>Sosa, Sergio Omar<\/p>\n<p><span style=\"color: #008000;\">\u25cf REPRESENTANTES AFILIADOS JUBILADOS<\/span><\/p>\n<p><span style=\"color: #008000;\"><strong>Titulares<\/strong><\/span><\/p>\n<ul>\n<li>Gramajo, Mar\u00eda Cecilia<\/li>\n<li>Ignes, Eudora del Valle<\/li>\n<\/ul>\n<p><span style=\"color: #008000;\"><strong>Suplentes<\/strong><\/span><\/p>\n<ul>\n<li>Bianchetti, Roberto Gerardo<\/li>\n<li>Nadir, Eduardo<\/li>\n<\/ul>\n<blockquote><p>\n&#x2747;&#xfe0f; \u00a1FELICITAMOS A LOS NUEVOS MIEMBROS DEL CONSEJO DIRECTIVO DE OSUNSa Y LES DESEAMOS MUCHO \u00c9XITO EN ESTA NUEVA GESTI\u00d3N! (DICIEMBRE 2022 &#8211; NOVIEMBRE 2025)<\/p><\/blockquote>\n<p><a href=\"https:\/\/osunsa.org.ar\/website\/web\/wp-content\/uploads\/2022\/11\/cd2023a.jpg\"><img fetchpriority=\"high\" decoding=\"async\" class=\"aligncenter size-full wp-image-6032\" src=\"https:\/\/osunsa.org.ar\/website\/web\/wp-content\/uploads\/2022\/11\/cd2023a.jpg\" alt=\"\" width=\"1600\" height=\"1200\" srcset=\"https:\/\/osunsa.org.ar\/website\/wp-content\/uploads\/2022\/11\/cd2023a.jpg 1600w, https:\/\/osunsa.org.ar\/website\/wp-content\/uploads\/2022\/11\/cd2023a-600x450.jpg 600w, https:\/\/osunsa.org.ar\/website\/wp-content\/uploads\/2022\/11\/cd2023a-300x225.jpg 300w, https:\/\/osunsa.org.ar\/website\/wp-content\/uploads\/2022\/11\/cd2023a-1024x768.jpg 1024w, https:\/\/osunsa.org.ar\/website\/wp-content\/uploads\/2022\/11\/cd2023a-768x576.jpg 768w, https:\/\/osunsa.org.ar\/website\/wp-content\/uploads\/2022\/11\/cd2023a-1536x1152.jpg 1536w\" sizes=\"(max-width: 1600px) 100vw, 1600px\" \/><\/a><\/p>\n<p><a href=\"https:\/\/osunsa.org.ar\/website\/web\/wp-content\/uploads\/2022\/11\/CD2023.jpg\"><img decoding=\"async\" class=\"aligncenter size-full wp-image-6033\" src=\"https:\/\/osunsa.org.ar\/website\/web\/wp-content\/uploads\/2022\/11\/CD2023.jpg\" alt=\"\" width=\"1600\" height=\"720\" srcset=\"https:\/\/osunsa.org.ar\/website\/wp-content\/uploads\/2022\/11\/CD2023.jpg 1600w, https:\/\/osunsa.org.ar\/website\/wp-content\/uploads\/2022\/11\/CD2023-600x270.jpg 600w, https:\/\/osunsa.org.ar\/website\/wp-content\/uploads\/2022\/11\/CD2023-300x135.jpg 300w, https:\/\/osunsa.org.ar\/website\/wp-content\/uploads\/2022\/11\/CD2023-1024x461.jpg 1024w, https:\/\/osunsa.org.ar\/website\/wp-content\/uploads\/2022\/11\/CD2023-768x346.jpg 768w, https:\/\/osunsa.org.ar\/website\/wp-content\/uploads\/2022\/11\/CD2023-1536x691.jpg 1536w\" sizes=\"(max-width: 1600px) 100vw, 1600px\" \/><\/a><\/p>\n","protected":false},"excerpt":{"rendered":"<p>&#x1f5d3;&#xfe0f; En el d\u00eda de la fecha, se realiz\u00f3 a las 11 hs el Acto de Asunci\u00f3n de las Nuevas Autoridades de la Obra Social de la Universidad Nacional de Salta, en el Anf \u201cH\u201d. &#x2705; Se cont\u00f3 con la presencia del Vicerrector, CPN. Nicol\u00e1s Innamorato, con los miembros de la Junta Electoral, Prof. Dar\u00edo [&hellip;]<\/p>\n","protected":false},"author":3,"featured_media":6031,"comment_status":"open","ping_status":"closed","sticky":false,"template":"","format":"standard","meta":{"_acf_changed":false,"_joinchat":[],"footnotes":""},"categories":[50],"tags":[],"class_list":["post-6030","post","type-post","status-publish","format-standard","has-post-thumbnail","hentry","category-noticias"],"acf":[],"_links":{"self":[{"href":"https:\/\/osunsa.org.ar\/website\/wp-json\/wp\/v2\/posts\/6030","targetHints":{"allow":["GET"]}}],"collection":[{"href":"https:\/\/osunsa.org.ar\/website\/wp-json\/wp\/v2\/posts"}],"about":[{"href":"https:\/\/osunsa.org.ar\/website\/wp-json\/wp\/v2\/types\/post"}],"author":[{"embeddable":true,"href":"https:\/\/osunsa.org.ar\/website\/wp-json\/wp\/v2\/users\/3"}],"replies":[{"embeddable":true,"href":"https:\/\/osunsa.org.ar\/website\/wp-json\/wp\/v2\/comments?post=6030"}],"version-history":[{"count":0,"href":"https:\/\/osunsa.org.ar\/website\/wp-json\/wp\/v2\/posts\/6030\/revisions"}],"wp:featuredmedia":[{"embeddable":true,"href":"https:\/\/osunsa.org.ar\/website\/wp-json\/wp\/v2\/media\/6031"}],"wp:attachment":[{"href":"https:\/\/osunsa.org.ar\/website\/wp-json\/wp\/v2\/media?parent=6030"}],"wp:term":[{"taxonomy":"category","embeddable":true,"href":"https:\/\/osunsa.org.ar\/website\/wp-json\/wp\/v2\/categories?post=6030"},{"taxonomy":"post_tag","embeddable":true,"href":"https:\/\/osunsa.org.ar\/website\/wp-json\/wp\/v2\/tags?post=6030"}],"curies":[{"name":"wp","href":"https:\/\/api.w.org\/{rel}","templated":true}]}}