{"id":5589,"date":"2022-03-24T12:56:46","date_gmt":"2022-03-24T15:56:46","guid":{"rendered":"https:\/\/osunsa.org.ar\/web\/?p=5589"},"modified":"2022-03-24T12:56:46","modified_gmt":"2022-03-24T15:56:46","slug":"dia-mundial-de-la-tuberculosis-2","status":"publish","type":"post","link":"https:\/\/osunsa.org.ar\/website\/dia-mundial-de-la-tuberculosis-2\/","title":{"rendered":"D\u00eda Mundial de la Tuberculosis"},"content":{"rendered":"<p>&#x1f4c5; Efem\u00e9ride:<br \/>\nEl 24 de marzo de 1882, en la ciudad de Berl\u00edn, el Dr. Roberto Koch (1843-1910) present\u00f3 a la comunidad cient\u00edfica su descubrimiento del bacilo de la tuberculosis, el que posteriormente llev\u00f3 su nombre. La Organizaci\u00f3n Mundial de la Salud y la Uni\u00f3n Internacional Contra la Tuberculosis y las Enfermedades Pulmonares conmemoran este d\u00eda desde el a\u00f1o 1992, centenario de la presentaci\u00f3n del descubrimiento del Dr. Koch.<\/p>\n","protected":false},"excerpt":{"rendered":"<p>&#x1f4c5; Efem\u00e9ride: El 24 de marzo de 1882, en la ciudad de Berl\u00edn, el Dr. Roberto Koch (1843-1910) present\u00f3 a la comunidad cient\u00edfica su descubrimiento del bacilo de la tuberculosis, el que posteriormente llev\u00f3 su nombre. La Organizaci\u00f3n Mundial de la Salud y la Uni\u00f3n Internacional Contra la Tuberculosis y las Enfermedades Pulmonares conmemoran este [&hellip;]<\/p>\n","protected":false},"author":3,"featured_media":5590,"comment_status":"open","ping_status":"closed","sticky":false,"template":"","format":"standard","meta":{"_acf_changed":false,"_joinchat":[],"footnotes":""},"categories":[51],"tags":[],"class_list":["post-5589","post","type-post","status-publish","format-standard","has-post-thumbnail","hentry","category-efemerides"],"acf":[],"_links":{"self":[{"href":"https:\/\/osunsa.org.ar\/website\/wp-json\/wp\/v2\/posts\/5589","targetHints":{"allow":["GET"]}}],"collection":[{"href":"https:\/\/osunsa.org.ar\/website\/wp-json\/wp\/v2\/posts"}],"about":[{"href":"https:\/\/osunsa.org.ar\/website\/wp-json\/wp\/v2\/types\/post"}],"author":[{"embeddable":true,"href":"https:\/\/osunsa.org.ar\/website\/wp-json\/wp\/v2\/users\/3"}],"replies":[{"embeddable":true,"href":"https:\/\/osunsa.org.ar\/website\/wp-json\/wp\/v2\/comments?post=5589"}],"version-history":[{"count":0,"href":"https:\/\/osunsa.org.ar\/website\/wp-json\/wp\/v2\/posts\/5589\/revisions"}],"wp:featuredmedia":[{"embeddable":true,"href":"https:\/\/osunsa.org.ar\/website\/wp-json\/wp\/v2\/media\/5590"}],"wp:attachment":[{"href":"https:\/\/osunsa.org.ar\/website\/wp-json\/wp\/v2\/media?parent=5589"}],"wp:term":[{"taxonomy":"category","embeddable":true,"href":"https:\/\/osunsa.org.ar\/website\/wp-json\/wp\/v2\/categories?post=5589"},{"taxonomy":"post_tag","embeddable":true,"href":"https:\/\/osunsa.org.ar\/website\/wp-json\/wp\/v2\/tags?post=5589"}],"curies":[{"name":"wp","href":"https:\/\/api.w.org\/{rel}","templated":true}]}}