{"id":5582,"date":"2022-03-21T13:39:49","date_gmt":"2022-03-21T16:39:49","guid":{"rendered":"https:\/\/osunsa.org.ar\/web\/?p=5582"},"modified":"2022-03-21T13:39:49","modified_gmt":"2022-03-21T16:39:49","slug":"dia-mundial-del-sindrome-down","status":"publish","type":"post","link":"https:\/\/osunsa.org.ar\/website\/dia-mundial-del-sindrome-down\/","title":{"rendered":"D\u00eda Mundial del S\u00edndrome Down"},"content":{"rendered":"<p>La Asociaci\u00f3n Down Syndrome International propuso instituir este d\u00eda para contribuir a fomentar la integraci\u00f3n y la igualdad de oportunidades de personas con capacidades diferentes.<\/p>\n<p><a href=\"https:\/\/osunsa.org.ar\/website\/web\/wp-content\/uploads\/2022\/03\/Dia-Mundial-del-Sindrome-de-Down.png\"><img fetchpriority=\"high\" decoding=\"async\" class=\"aligncenter size-full wp-image-5583\" src=\"https:\/\/osunsa.org.ar\/website\/web\/wp-content\/uploads\/2022\/03\/Dia-Mundial-del-Sindrome-de-Down.png\" alt=\"\" width=\"940\" height=\"788\" srcset=\"https:\/\/osunsa.org.ar\/website\/wp-content\/uploads\/2022\/03\/Dia-Mundial-del-Sindrome-de-Down.png 940w, https:\/\/osunsa.org.ar\/website\/wp-content\/uploads\/2022\/03\/Dia-Mundial-del-Sindrome-de-Down-600x503.png 600w, https:\/\/osunsa.org.ar\/website\/wp-content\/uploads\/2022\/03\/Dia-Mundial-del-Sindrome-de-Down-300x251.png 300w, https:\/\/osunsa.org.ar\/website\/wp-content\/uploads\/2022\/03\/Dia-Mundial-del-Sindrome-de-Down-768x644.png 768w\" sizes=\"(max-width: 940px) 100vw, 940px\" \/><\/a><\/p>\n","protected":false},"excerpt":{"rendered":"<p>La Asociaci\u00f3n Down Syndrome International propuso instituir este d\u00eda para contribuir a fomentar la integraci\u00f3n y la igualdad de oportunidades de personas con capacidades diferentes.<\/p>\n","protected":false},"author":3,"featured_media":5585,"comment_status":"open","ping_status":"closed","sticky":false,"template":"","format":"standard","meta":{"_acf_changed":false,"_joinchat":[],"footnotes":""},"categories":[51],"tags":[],"class_list":["post-5582","post","type-post","status-publish","format-standard","has-post-thumbnail","hentry","category-efemerides"],"acf":[],"_links":{"self":[{"href":"https:\/\/osunsa.org.ar\/website\/wp-json\/wp\/v2\/posts\/5582","targetHints":{"allow":["GET"]}}],"collection":[{"href":"https:\/\/osunsa.org.ar\/website\/wp-json\/wp\/v2\/posts"}],"about":[{"href":"https:\/\/osunsa.org.ar\/website\/wp-json\/wp\/v2\/types\/post"}],"author":[{"embeddable":true,"href":"https:\/\/osunsa.org.ar\/website\/wp-json\/wp\/v2\/users\/3"}],"replies":[{"embeddable":true,"href":"https:\/\/osunsa.org.ar\/website\/wp-json\/wp\/v2\/comments?post=5582"}],"version-history":[{"count":0,"href":"https:\/\/osunsa.org.ar\/website\/wp-json\/wp\/v2\/posts\/5582\/revisions"}],"wp:featuredmedia":[{"embeddable":true,"href":"https:\/\/osunsa.org.ar\/website\/wp-json\/wp\/v2\/media\/5585"}],"wp:attachment":[{"href":"https:\/\/osunsa.org.ar\/website\/wp-json\/wp\/v2\/media?parent=5582"}],"wp:term":[{"taxonomy":"category","embeddable":true,"href":"https:\/\/osunsa.org.ar\/website\/wp-json\/wp\/v2\/categories?post=5582"},{"taxonomy":"post_tag","embeddable":true,"href":"https:\/\/osunsa.org.ar\/website\/wp-json\/wp\/v2\/tags?post=5582"}],"curies":[{"name":"wp","href":"https:\/\/api.w.org\/{rel}","templated":true}]}}