{"id":3788,"date":"2019-04-11T07:28:37","date_gmt":"2019-04-11T10:28:37","guid":{"rendered":"https:\/\/osunsa.org.ar\/web\/?p=3788"},"modified":"2019-04-11T07:28:37","modified_gmt":"2019-04-11T10:28:37","slug":"dia-mundial-de-la-enfermedad-de-parkinson","status":"publish","type":"post","link":"https:\/\/osunsa.org.ar\/website\/dia-mundial-de-la-enfermedad-de-parkinson\/","title":{"rendered":"D\u00eda Mundial de la Enfermedad de Parkinson"},"content":{"rendered":"<p>En 1997 la OMS declar\u00f3 como D\u00eda Mundial de la Enfermedad de Parkinson el 11 de abril, fecha de nacimiento del Dr. James Parkinson, quien padeci\u00f3 y describi\u00f3 sus s\u00edntomas en 1817. Consiste en un trastorno neurodegenerativo cr\u00f3nico que conduce con el tiempo a una incapacidad progresiva, producido a consecuencia de la destrucci\u00f3n, por causas que todav\u00eda se desconocen, de las neuronas pigmentadas de la sustancia negra. Frecuentemente clasificada como un trastorno del movimiento, la enfermedad de Parkinson tambi\u00e9n desencadena alteraciones en la funci\u00f3n cognitiva, en la expresi\u00f3n de las emociones y en la funci\u00f3n aut\u00f3noma.<\/p>\n","protected":false},"excerpt":{"rendered":"<p>En 1997 la OMS declar\u00f3 como D\u00eda Mundial de la Enfermedad de Parkinson el 11 de abril, fecha de nacimiento del Dr. James Parkinson, quien padeci\u00f3 y describi\u00f3 sus s\u00edntomas en 1817. Consiste en un trastorno neurodegenerativo cr\u00f3nico que conduce con el tiempo a una incapacidad progresiva, producido a consecuencia de la destrucci\u00f3n, por causas [&hellip;]<\/p>\n","protected":false},"author":3,"featured_media":3789,"comment_status":"closed","ping_status":"closed","sticky":false,"template":"","format":"standard","meta":{"_acf_changed":false,"_joinchat":[],"footnotes":""},"categories":[51],"tags":[],"class_list":["post-3788","post","type-post","status-publish","format-standard","has-post-thumbnail","hentry","category-efemerides"],"acf":[],"_links":{"self":[{"href":"https:\/\/osunsa.org.ar\/website\/wp-json\/wp\/v2\/posts\/3788","targetHints":{"allow":["GET"]}}],"collection":[{"href":"https:\/\/osunsa.org.ar\/website\/wp-json\/wp\/v2\/posts"}],"about":[{"href":"https:\/\/osunsa.org.ar\/website\/wp-json\/wp\/v2\/types\/post"}],"author":[{"embeddable":true,"href":"https:\/\/osunsa.org.ar\/website\/wp-json\/wp\/v2\/users\/3"}],"replies":[{"embeddable":true,"href":"https:\/\/osunsa.org.ar\/website\/wp-json\/wp\/v2\/comments?post=3788"}],"version-history":[{"count":0,"href":"https:\/\/osunsa.org.ar\/website\/wp-json\/wp\/v2\/posts\/3788\/revisions"}],"wp:featuredmedia":[{"embeddable":true,"href":"https:\/\/osunsa.org.ar\/website\/wp-json\/wp\/v2\/media\/3789"}],"wp:attachment":[{"href":"https:\/\/osunsa.org.ar\/website\/wp-json\/wp\/v2\/media?parent=3788"}],"wp:term":[{"taxonomy":"category","embeddable":true,"href":"https:\/\/osunsa.org.ar\/website\/wp-json\/wp\/v2\/categories?post=3788"},{"taxonomy":"post_tag","embeddable":true,"href":"https:\/\/osunsa.org.ar\/website\/wp-json\/wp\/v2\/tags?post=3788"}],"curies":[{"name":"wp","href":"https:\/\/api.w.org\/{rel}","templated":true}]}}