{"id":18528,"date":"2025-09-02T23:23:58","date_gmt":"2025-09-02T23:23:58","guid":{"rendered":"https:\/\/osunsa.org.ar\/website\/?p=18528"},"modified":"2025-09-02T23:25:24","modified_gmt":"2025-09-02T23:25:24","slug":"plenario-94-cin-situacion-de-obras-sociales-universitarias","status":"publish","type":"post","link":"https:\/\/osunsa.org.ar\/website\/plenario-94-cin-situacion-de-obras-sociales-universitarias\/","title":{"rendered":"PLENARIO 94\u00b0 CIN &#8211; SITUACI\u00d3N DE OBRAS SOCIALES UNIVERSITARIAS"},"content":{"rendered":"<p>&#x2705; Estimados afiliados:<\/p>\n<p>&#x1f449;&#x1f3fc; La preocupaci\u00f3n por la dif\u00edcil situaci\u00f3n econ\u00f3mica-financiera de las obras sociales universitarias, lleg\u00f3 hasta el seno del CIN.<\/p>\n<p>&#x1f539; El d\u00eda 28 de agosto de 2025, se llev\u00f3 a cabo la 94\u00b0 Reuni\u00f3n Plenaria del CIN en la ciudad de Rosario, Santa Fe.<\/p>\n<p>&#x1f4cc; Adjuntamos los enlaces con la nota publicada desde el CIN y video con las declaraciones realizadas durante el Plenario, respecto a la situaci\u00f3n de las obras sociales universitarias.<\/p>\n<blockquote class=\"wp-embedded-content\" data-secret=\"IexVJofkjw\"><p><a href=\"https:\/\/www.cin.edu.ar\/declaracion-del-cin-referida-a-la-situacion-de-las-obras-sociales-universitarias\/\">Declaraci\u00f3n del CIN referida a la situaci\u00f3n de las obras sociales universitarias<\/a><\/p><\/blockquote>\n<p><iframe class=\"wp-embedded-content\" sandbox=\"allow-scripts\" security=\"restricted\" style=\"position: absolute; visibility: hidden;\" title=\"\u00abDeclaraci\u00f3n del CIN referida a la situaci\u00f3n de las obras sociales universitarias\u00bb \u2014 CIN\" src=\"https:\/\/www.cin.edu.ar\/declaracion-del-cin-referida-a-la-situacion-de-las-obras-sociales-universitarias\/embed\/#?secret=GhxzRwVogS#?secret=IexVJofkjw\" data-secret=\"IexVJofkjw\" width=\"525\" height=\"296\" frameborder=\"0\" marginwidth=\"0\" marginheight=\"0\" scrolling=\"no\"><\/iframe><\/p>\n<p><a href=\"https:\/\/drive.google.com\/file\/d\/17fd_XOQx_nQJlnu1_1VXk1mZ_B7I8ZeZ\/view?usp=sharing\">https:\/\/drive.google.com\/file\/d\/17fd_XOQx_nQJlnu1_1VXk1mZ_B7I8ZeZ\/view?usp=sharing<\/a><\/p>\n","protected":false},"excerpt":{"rendered":"<p>&#x2705; Estimados afiliados: &#x1f449;&#x1f3fc; La preocupaci\u00f3n por la dif\u00edcil situaci\u00f3n econ\u00f3mica-financiera de las obras sociales universitarias, lleg\u00f3 hasta el seno del CIN. &#x1f539; El d\u00eda 28 de agosto de 2025, se llev\u00f3 a cabo la 94\u00b0 Reuni\u00f3n Plenaria del CIN en la ciudad de Rosario, Santa Fe. &#x1f4cc; Adjuntamos los enlaces con la nota publicada [&hellip;]<\/p>\n","protected":false},"author":3,"featured_media":18529,"comment_status":"open","ping_status":"open","sticky":false,"template":"","format":"standard","meta":{"_acf_changed":false,"_joinchat":[],"footnotes":""},"categories":[1],"tags":[],"class_list":["post-18528","post","type-post","status-publish","format-standard","has-post-thumbnail","hentry","category-sin-categoria"],"acf":[],"_links":{"self":[{"href":"https:\/\/osunsa.org.ar\/website\/wp-json\/wp\/v2\/posts\/18528","targetHints":{"allow":["GET"]}}],"collection":[{"href":"https:\/\/osunsa.org.ar\/website\/wp-json\/wp\/v2\/posts"}],"about":[{"href":"https:\/\/osunsa.org.ar\/website\/wp-json\/wp\/v2\/types\/post"}],"author":[{"embeddable":true,"href":"https:\/\/osunsa.org.ar\/website\/wp-json\/wp\/v2\/users\/3"}],"replies":[{"embeddable":true,"href":"https:\/\/osunsa.org.ar\/website\/wp-json\/wp\/v2\/comments?post=18528"}],"version-history":[{"count":2,"href":"https:\/\/osunsa.org.ar\/website\/wp-json\/wp\/v2\/posts\/18528\/revisions"}],"predecessor-version":[{"id":18533,"href":"https:\/\/osunsa.org.ar\/website\/wp-json\/wp\/v2\/posts\/18528\/revisions\/18533"}],"wp:featuredmedia":[{"embeddable":true,"href":"https:\/\/osunsa.org.ar\/website\/wp-json\/wp\/v2\/media\/18529"}],"wp:attachment":[{"href":"https:\/\/osunsa.org.ar\/website\/wp-json\/wp\/v2\/media?parent=18528"}],"wp:term":[{"taxonomy":"category","embeddable":true,"href":"https:\/\/osunsa.org.ar\/website\/wp-json\/wp\/v2\/categories?post=18528"},{"taxonomy":"post_tag","embeddable":true,"href":"https:\/\/osunsa.org.ar\/website\/wp-json\/wp\/v2\/tags?post=18528"}],"curies":[{"name":"wp","href":"https:\/\/api.w.org\/{rel}","templated":true}]}}